{"id":18,"count":3,"description":"Actualit\u00e9 r\u00e9glementaire et sectorielle de la s\u00e9curit\u00e9 priv\u00e9e sur les Bouches-du-Rh\u00f4ne, les Alpes-Maritimes, le Var et le Vaucluse. Le nom porte le noyau ET la zone : jamais d'actualit\u00e9 sans qualificatif, jamais de fait divers. Distance D0, \u00e9chelle g\u00e9ographique G0.","link":"https:\/\/supervisions.fr\/blog\/category\/actualites-securite-privee-region-sud\/","name":"Actualit\u00e9s de la s\u00e9curit\u00e9 priv\u00e9e en R\u00e9gion Sud","slug":"actualites-securite-privee-region-sud","taxonomy":"category","parent":0,"meta":[],"_links":{"self":[{"href":"https:\/\/supervisions.fr\/blog\/wp-json\/wp\/v2\/categories\/18","targetHints":{"allow":["GET"]}}],"collection":[{"href":"https:\/\/supervisions.fr\/blog\/wp-json\/wp\/v2\/categories"}],"about":[{"href":"https:\/\/supervisions.fr\/blog\/wp-json\/wp\/v2\/taxonomies\/category"}],"wp:post_type":[{"href":"https:\/\/supervisions.fr\/blog\/wp-json\/wp\/v2\/posts?categories=18"}],"curies":[{"name":"wp","href":"https:\/\/api.w.org\/{rel}","templated":true}]}}